{"id":3752,"date":"2021-08-25T17:39:15","date_gmt":"2021-08-25T17:39:15","guid":{"rendered":"http:\/\/langtanochlust.com\/?p=3752"},"modified":"2021-08-25T19:13:31","modified_gmt":"2021-08-25T19:13:31","slug":"det-blir-som-det-ska-bli-och-det-blir-bra","status":"publish","type":"post","link":"http:\/\/langtanochlust.com\/?p=3752","title":{"rendered":"Det blir som det ska bli och det blir bra"},"content":{"rendered":"<p><strong>Detta har blivit ett av mina favorituttryck och f\u00f6rv\u00e5nande nog tycker jag att det st\u00e4mmer ganska v\u00e4l f\u00f6r det mesta och inte minst n\u00e4r man med \u00e5lderns r\u00e4tt ser tillbaka p\u00e5 sitt liv. Ibland kan vi dock st\u00e4lla oss lite undrande n\u00e4r det inte blir som vi t\u00e4nkt eller planerat.<\/strong><\/p>\n<p><strong>Veckan innan semestern arbetade jag h\u00e5rt f\u00f6r att bli klar med allt som skulle g\u00f6ras innan den efterl\u00e4ngtade ledigheten i stugan, med sol och bad.<\/strong><\/p>\n<p><strong>S\u00f6ndagen var varm och h\u00e4rlig och jag t\u00e4nkte att jag unnar mig ett sent kv\u00e4llsbad. Gick den vackra promenaden l\u00e4ngs \u00e4ngarna med de betande korna och genom den h\u00e4rliga granskogen.<\/strong><\/p>\n<p><strong>Jag var lite kluven d\u00e5 jag precis f\u00e5tt ett intressant You Tube klipp som jag g\u00e4rna ville h\u00f6ra men jag har lovat mig sj\u00e4lv att vara medvetet n\u00e4rvarande n\u00e4r jag g\u00e5r ut i naturen. Men den h\u00e4r kv\u00e4llen blev det en kompromiss s\u00e5 jag tog med mobilen. Och klippet slukade mig med en fascinerande bild och vips med mobilen i v\u00e4nster hand snavade jag p\u00e5 en gren och tog emot h\u00e5rt med h\u00f6ger hand.<\/strong><\/p>\n<p><strong>Jag k\u00e4nde direkt att detta \u00e4r allvarligt, men min f\u00f6rsta tanke var \u00e4nd\u00e5 tacksamhet, tacksamhet f\u00f6r att det inte var v\u00e4rre.<\/strong><\/p>\n<p><strong>Ett ben i handleden var krossat s\u00e5 det blev operation och str\u00e4ngt badf\u00f6rbud. En intensiv rehabiliteringtid f\u00f6ljde och eftersom jag inte kunde k\u00f6ra bil fick jag lugnt stanna hemma i stan och f\u00f6rs\u00f6ka v\u00e4dra ut v\u00e4rmen s\u00e5 gott det gick.<\/strong><\/p>\n<p><strong>En intressant reflektion i sammanhanget \u00e4r att jag under senare tid verkligen t\u00e4nkt p\u00e5 hur fantastiska just h\u00e4nderna \u00e4r, hur mycket man kan g\u00f6ra och skapa med dom. Nu var det som om h\u00e4nderna med eftertryck visade mig detta \u00e4nnu tydligare.<\/strong><\/p>\n<p><strong>Ni som varit hos mig vet att vi brukar dra tarotkort eller \u00e4nglakort som f\u00f6rv\u00e5nansv\u00e4rt nog s\u00e5 gott som alltid speglar det man beh\u00f6ver f\u00e5 till sig.<\/strong><\/p>\n<p><strong>Jag drog kortet &#8221;Accepterande&#8221; -Accepterande \u00e4r att omfamna livet p\u00e5 livets egna villkor. Vi \u00e4r \u00f6ppna f\u00f6r det som \u00e4r, hellre \u00e4n att \u00f6nska n\u00e5got annat. Accepterande hj\u00e4per oss att b\u00f6jas utan att g\u00e5 av i pr\u00f6vningens stunder..<\/strong><\/p>\n<p><strong>Kanske f\u00e5r vi sm\u00e5 pr\u00f6vningar att tr\u00e4na p\u00e5 f\u00f6r att klara de stora pr\u00f6vningarna. Visst hade jag hellre njutit i stugan och tagit m\u00e5nga h\u00e4rliga bad men accepterande hj\u00e4lpte mig att vila, vara, meditera och g\u00f6ra n\u00e5gra saker som inte blivit av, som att ta b\u00e5ten ut till \u00f6arna i G\u00f6teborgs vackra sk\u00e4rg\u00e5rd. Jag fick \u00e4ven tid att \u00e4gna mig \u00e5t mitt lilla barnbarn som ocks\u00e5 p\u00e5minner mig om hur fantastisk skapelsen \u00e4r med varje del av kroppen som fungerar s\u00e5 perfekt och som protesterar om jag inte \u00e4r lyh\u00f6rd och n\u00e4rvarande med honom.<\/strong><\/p>\n<p><strong>Och f\u00f6r en av mina favoritsyssels\u00e4ttningar fanns gott om tid &#8211; att l\u00e4sa. Fick tips av en v\u00e4ninna om en bok som handlar om uppstigningen &#8211; &#8221;\u00c4rke\u00e4nglarnas 55 steg till uppstigningen&#8221;. F\u00f6r mig f\u00f6ll mycket p\u00e5 plats n\u00e4r jag l\u00e4ste boken. Jag fick en djupare f\u00f6rst\u00e5else f\u00f6r platser jag bes\u00f6kt och \u00e4ven f\u00f6r det som sker i v\u00e4rlden idag. I boken finns ocks\u00e5 m\u00e5nga v\u00e4rdefulla meditationer.<\/strong><\/p>\n<p><strong>Jag passade ocks\u00e5 p\u00e5 att l\u00e4sa Bj\u00f6rn Natthiko Lindblads bok &#8221;Jag kan ha fel och andra visdomar fr\u00e5n mitt liv som buddhistmunk&#8221;. D\u00e4r myntar han ett nytt begrepp som jag tar med mig &#8221;varsevarande&#8221;. Han beskriver det som en kort stund d\u00e5 allt blir stilla och han har en k\u00e4nsla av att vara hemma, att vara h\u00e4r och nu utan en enda tanke. Att allt f\u00e5r ett skimmer omkring sig och att han k\u00e4nner djup tacksamhet. Det \u00e4r n\u00e5got annat \u00e4n varseblivande. I detta varande f\u00e5r allt vara precis som det \u00e4r. Vi blir st\u00f6rre d\u00e5. Vi l\u00e4gger m\u00e4rke till det vi inte sett innan. Som en inre v\u00e4n som st\u00e5r p\u00e5 v\u00e5r sida.<\/strong><\/p>\n<p><strong>Han beskriver att graden av n\u00e4rvaro p\u00e5verkar oss i f\u00f6rh\u00e5llande till andra. Jag har under m\u00e5nga \u00e5r arbetat extra med autistiska ungdomar. Deras g\u00e5va till oss \u00e4r att tydligt visa n\u00e4r vi inte \u00e4r n\u00e4rvarande. Uppriktig n\u00e4rvaro \u00e4r en g\u00e5va till oss sj\u00e4lva och varandra.<\/strong><\/p>\n<p><strong>Varsevarande mer \u00e4n varseblivande tar jag bland annat med mig fr\u00e5n den h\u00e4r sommaren. Och \u00e4ven om det inte blev som jag t\u00e4nkt s\u00e5 blev den h\u00e4r sommaren \u00e4nd\u00e5 bra. Och mitt m\u00e5l \u00e4r att vara \u00e4nnu mer n\u00e4rvarande i allt jag g\u00f6r.<\/strong><\/p>\n<p><strong>Jag och m\u00e5nga med mig f\u00e5r ofta till oss att vi inte beh\u00f6ver g\u00f6ra s\u00e5 mycket, det handlar mer om att VARA &#8211; v\u00e5ga vara den man \u00e4r, v\u00e5ga vara n\u00e4rvarande.<\/strong><\/p>\n<p><strong>Sommarh\u00e4lsningar,<\/strong><br \/>\n<strong> Lill, Lorelei<\/strong><\/p>\n","protected":false},"excerpt":{"rendered":"<p>Detta har blivit ett av mina favorituttryck och f\u00f6rv\u00e5nande nog tycker jag att det st\u00e4mmer ganska v\u00e4l f\u00f6r det mesta och inte minst n\u00e4r man med \u00e5lderns r\u00e4tt ser tillbaka p\u00e5 sitt liv. Ibland kan vi dock st\u00e4lla oss lite undrande n\u00e4r det inte blir som vi t\u00e4nkt eller planerat. Veckan innan semestern arbetade jag [&hellip;]<\/p>\n","protected":false},"author":1,"featured_media":0,"comment_status":"closed","ping_status":"closed","sticky":false,"template":"","format":"standard","meta":[],"categories":[1],"tags":[],"_links":{"self":[{"href":"http:\/\/langtanochlust.com\/index.php?rest_route=\/wp\/v2\/posts\/3752"}],"collection":[{"href":"http:\/\/langtanochlust.com\/index.php?rest_route=\/wp\/v2\/posts"}],"about":[{"href":"http:\/\/langtanochlust.com\/index.php?rest_route=\/wp\/v2\/types\/post"}],"author":[{"embeddable":true,"href":"http:\/\/langtanochlust.com\/index.php?rest_route=\/wp\/v2\/users\/1"}],"replies":[{"embeddable":true,"href":"http:\/\/langtanochlust.com\/index.php?rest_route=%2Fwp%2Fv2%2Fcomments&post=3752"}],"version-history":[{"count":5,"href":"http:\/\/langtanochlust.com\/index.php?rest_route=\/wp\/v2\/posts\/3752\/revisions"}],"predecessor-version":[{"id":3760,"href":"http:\/\/langtanochlust.com\/index.php?rest_route=\/wp\/v2\/posts\/3752\/revisions\/3760"}],"wp:attachment":[{"href":"http:\/\/langtanochlust.com\/index.php?rest_route=%2Fwp%2Fv2%2Fmedia&parent=3752"}],"wp:term":[{"taxonomy":"category","embeddable":true,"href":"http:\/\/langtanochlust.com\/index.php?rest_route=%2Fwp%2Fv2%2Fcategories&post=3752"},{"taxonomy":"post_tag","embeddable":true,"href":"http:\/\/langtanochlust.com\/index.php?rest_route=%2Fwp%2Fv2%2Ftags&post=3752"}],"curies":[{"name":"wp","href":"https:\/\/api.w.org\/{rel}","templated":true}]}}